{"id":2604,"date":"2011-09-02T16:29:08","date_gmt":"2011-09-02T14:29:08","guid":{"rendered":"http:\/\/www.obracun-placa.com\/?p=2604"},"modified":"2011-09-02T16:29:36","modified_gmt":"2011-09-02T14:29:36","slug":"premijerka-jadranka-kosor-sjednici-vlade-01-09-najavila-izmjene-ovrsnog-zakona","status":"publish","type":"post","link":"https:\/\/www.obracun-placa.com\/index.php\/linkovi-na-tekstove\/premijerka-jadranka-kosor-sjednici-vlade-01-09-najavila-izmjene-ovrsnog-zakona\/","title":{"rendered":"Premijerka Jadranka Kosor na sjednici Vlade (01.09.2011.) najavila izmjene Ovr\u0161nog zakona"},"content":{"rendered":"<p>Izme\u0111u ostaloga izmjenom zakona \u0107e se propisati du\u017enost uplatitelja za\u0161ti\u0107enih primanja ovr\u0161enika da za\u0161ti\u0107ena primanja upla\u0107uju na poseban ra\u010dun koji ne mo\u017ee biti predmetom ovrhe, rekla je Kosor. Me\u0111u iznosima nad kojima je zabranjeno provoditi ovrhu su primanja po osnovi socijalne skrbi, naknada za privremenu nezaposlenost, dje\u010dji doplatak, stipendije, naknade \u0161tete nastale zbog naru\u0161ena zdravlja, radne sposobnosti ili smrti davatelja uzdr\u017eavanja i naknade zbog tjelesnog o\u0161te\u0107enja.<\/p>\n<p>Prenosimo sa: www.business.hr <a rel=\"nofollow\" href=\"http:\/\/www.business.hr\/hr\/Naslovnica\/Ekonomija\/Poseban-racun-na-koji-sjeda-dio-place-ne-podlijeze-ovrsi\">LINK<\/a><\/p>\n","protected":false},"excerpt":{"rendered":"<p>Izme\u0111u ostaloga izmjenom zakona \u0107e se propisati du\u017enost uplatitelja za\u0161ti\u0107enih primanja ovr\u0161enika da za\u0161ti\u0107ena primanja upla\u0107uju na poseban ra\u010dun koji ne mo\u017ee biti predmetom ovrhe, rekla je Kosor. Me\u0111u iznosima nad kojima je zabranjeno provoditi ovrhu su primanja po osnovi socijalne skrbi, naknada za privremenu nezaposlenost, dje\u010dji doplatak, stipendije, naknade \u0161tete nastale zbog naru\u0161ena zdravlja, [&hellip;]<\/p>\n","protected":false},"author":1501,"featured_media":0,"comment_status":"closed","ping_status":"closed","sticky":false,"template":"","format":"standard","meta":{"pmpro_default_level":"","footnotes":""},"categories":[58],"tags":[],"class_list":["post-2604","post","type-post","status-publish","format-standard","hentry","category-linkovi-na-tekstove","pmpro-has-access"],"aioseo_notices":[],"aioseo_head":"\n\t\t<!-- All in One SEO 4.9.8 - aioseo.com -->\n\t<meta name=\"description\" content=\"Premijerka Jadranka Kosor na dana\u0161njoj je sjednici Vlade najavila za idu\u0107i tjedan izmjene Ovr\u0161nog zakona\" \/>\n\t<meta name=\"robots\" content=\"max-snippet:-1, max-image-preview:large, max-video-preview:-1\" \/>\n\t<meta name=\"author\" content=\"admin2\"\/>\n\t<meta name=\"keywords\" content=\"izmjena ovr\u0161nog zakona\" \/>\n\t<link rel=\"canonical\" href=\"https:\/\/www.obracun-placa.com\/index.php\/linkovi-na-tekstove\/premijerka-jadranka-kosor-sjednici-vlade-01-09-najavila-izmjene-ovrsnog-zakona\/\" \/>\n\t<meta name=\"generator\" content=\"All in One SEO (AIOSEO) 4.9.8\" \/>\n\t\t<meta property=\"og:locale\" content=\"hr_HR\" \/>\n\t\t<meta property=\"og:site_name\" content=\"Servis za obra\u010dun pla\u0107a\" \/>\n\t\t<meta property=\"og:type\" content=\"article\" \/>\n\t\t<meta property=\"og:title\" content=\"Premijerka Jadranka Kosor na dana\u0161njoj je sjednici Vlade najavila za idu\u0107i tjedan izmjene Ovr\u0161nog zakona | Servis za obra\u010dun pla\u0107a | Obra\u010dun pla\u0107a | Obra\u010dun pla\u0107a za tvrtke | Outsourcing pla\u0107a\" \/>\n\t\t<meta property=\"og:description\" content=\"Premijerka Jadranka Kosor na dana\u0161njoj je sjednici Vlade najavila za idu\u0107i tjedan izmjene Ovr\u0161nog zakona\" \/>\n\t\t<meta property=\"og:url\" content=\"https:\/\/www.obracun-placa.com\/index.php\/linkovi-na-tekstove\/premijerka-jadranka-kosor-sjednici-vlade-01-09-najavila-izmjene-ovrsnog-zakona\/\" \/>\n\t\t<meta property=\"og:image\" content=\"https:\/\/www.obracun-placa.com\/wp-content\/uploads\/Oktaedar_Servis_Place_facebook.png\" \/>\n\t\t<meta property=\"og:image:secure_url\" content=\"https:\/\/www.obracun-placa.com\/wp-content\/uploads\/Oktaedar_Servis_Place_facebook.png\" \/>\n\t\t<meta property=\"og:image:width\" content=\"1200\" \/>\n\t\t<meta property=\"og:image:height\" content=\"630\" \/>\n\t\t<meta property=\"article:tag\" content=\"izmjena ovr\u0161nog zakona\" \/>\n\t\t<meta property=\"article:tag\" content=\"prenosimo sa drugih portala\" \/>\n\t\t<meta property=\"article:published_time\" content=\"2011-09-02T14:29:08+00:00\" \/>\n\t\t<meta property=\"article:modified_time\" content=\"2011-09-02T14:29:36+00:00\" \/>\n\t\t<meta property=\"article:publisher\" content=\"https:\/\/www.facebook.com\/serviszaobracunplaca\/\" \/>\n\t\t<meta name=\"twitter:card\" content=\"summary\" \/>\n\t\t<meta name=\"twitter:title\" content=\"Premijerka Jadranka Kosor na dana\u0161njoj je sjednici Vlade najavila za idu\u0107i tjedan izmjene Ovr\u0161nog zakona | Servis za obra\u010dun pla\u0107a | Obra\u010dun pla\u0107a | Obra\u010dun pla\u0107a za tvrtke | Outsourcing pla\u0107a\" \/>\n\t\t<meta name=\"twitter:description\" content=\"Premijerka Jadranka Kosor na dana\u0161njoj je sjednici Vlade najavila za idu\u0107i tjedan izmjene Ovr\u0161nog zakona\" \/>\n\t\t<meta name=\"twitter:image\" content=\"https:\/\/www.obracun-placa.com\/wp-content\/uploads\/Oktaedar_Servis_Place_facebook.png\" \/>\n\t\t<script type=\"application\/ld+json\" class=\"aioseo-schema\">\n\t\t\t{\"@context\":\"https:\\\/\\\/schema.org\",\"@graph\":[{\"@type\":\"Article\",\"@id\":\"https:\\\/\\\/www.obracun-placa.com\\\/index.php\\\/linkovi-na-tekstove\\\/premijerka-jadranka-kosor-sjednici-vlade-01-09-najavila-izmjene-ovrsnog-zakona\\\/#article\",\"name\":\"Premijerka Jadranka Kosor na dana\\u0161njoj je sjednici Vlade najavila za idu\\u0107i tjedan izmjene Ovr\\u0161nog zakona | Servis za obra\\u010dun pla\\u0107a | Obra\\u010dun pla\\u0107a | Obra\\u010dun pla\\u0107a za tvrtke | Outsourcing pla\\u0107a\",\"headline\":\"Premijerka Jadranka Kosor na sjednici Vlade (01.09.2011.) najavila izmjene Ovr\\u0161nog zakona\",\"author\":{\"@id\":\"https:\\\/\\\/www.obracun-placa.com\\\/index.php\\\/author\\\/admin2\\\/#author\"},\"publisher\":{\"@id\":\"https:\\\/\\\/www.obracun-placa.com\\\/#organization\"},\"image\":{\"@type\":\"ImageObject\",\"url\":\"https:\\\/\\\/www.obracun-placa.com\\\/wp-content\\\/uploads\\\/Oktaedar_Servis_Place_facebook.png\",\"@id\":\"https:\\\/\\\/www.obracun-placa.com\\\/#articleImage\",\"width\":1200,\"height\":630},\"datePublished\":\"2011-09-02T16:29:08+02:00\",\"dateModified\":\"2011-09-02T16:29:36+02:00\",\"inLanguage\":\"hr-HR\",\"mainEntityOfPage\":{\"@id\":\"https:\\\/\\\/www.obracun-placa.com\\\/index.php\\\/linkovi-na-tekstove\\\/premijerka-jadranka-kosor-sjednici-vlade-01-09-najavila-izmjene-ovrsnog-zakona\\\/#webpage\"},\"isPartOf\":{\"@id\":\"https:\\\/\\\/www.obracun-placa.com\\\/index.php\\\/linkovi-na-tekstove\\\/premijerka-jadranka-kosor-sjednici-vlade-01-09-najavila-izmjene-ovrsnog-zakona\\\/#webpage\"},\"articleSection\":\"Prenosimo sa drugih portala\"},{\"@type\":\"BreadcrumbList\",\"@id\":\"https:\\\/\\\/www.obracun-placa.com\\\/index.php\\\/linkovi-na-tekstove\\\/premijerka-jadranka-kosor-sjednici-vlade-01-09-najavila-izmjene-ovrsnog-zakona\\\/#breadcrumblist\",\"itemListElement\":[{\"@type\":\"ListItem\",\"@id\":\"https:\\\/\\\/www.obracun-placa.com#listItem\",\"position\":1,\"name\":\"Home\",\"item\":\"https:\\\/\\\/www.obracun-placa.com\",\"nextItem\":{\"@type\":\"ListItem\",\"@id\":\"https:\\\/\\\/www.obracun-placa.com\\\/index.php\\\/category\\\/linkovi-na-tekstove\\\/#listItem\",\"name\":\"Prenosimo sa drugih portala\"}},{\"@type\":\"ListItem\",\"@id\":\"https:\\\/\\\/www.obracun-placa.com\\\/index.php\\\/category\\\/linkovi-na-tekstove\\\/#listItem\",\"position\":2,\"name\":\"Prenosimo sa drugih portala\",\"item\":\"https:\\\/\\\/www.obracun-placa.com\\\/index.php\\\/category\\\/linkovi-na-tekstove\\\/\",\"nextItem\":{\"@type\":\"ListItem\",\"@id\":\"https:\\\/\\\/www.obracun-placa.com\\\/index.php\\\/linkovi-na-tekstove\\\/premijerka-jadranka-kosor-sjednici-vlade-01-09-najavila-izmjene-ovrsnog-zakona\\\/#listItem\",\"name\":\"Premijerka Jadranka Kosor na sjednici Vlade (01.09.2011.) najavila izmjene Ovr\\u0161nog zakona\"},\"previousItem\":{\"@type\":\"ListItem\",\"@id\":\"https:\\\/\\\/www.obracun-placa.com#listItem\",\"name\":\"Home\"}},{\"@type\":\"ListItem\",\"@id\":\"https:\\\/\\\/www.obracun-placa.com\\\/index.php\\\/linkovi-na-tekstove\\\/premijerka-jadranka-kosor-sjednici-vlade-01-09-najavila-izmjene-ovrsnog-zakona\\\/#listItem\",\"position\":3,\"name\":\"Premijerka Jadranka Kosor na sjednici Vlade (01.09.2011.) najavila izmjene Ovr\\u0161nog zakona\",\"previousItem\":{\"@type\":\"ListItem\",\"@id\":\"https:\\\/\\\/www.obracun-placa.com\\\/index.php\\\/category\\\/linkovi-na-tekstove\\\/#listItem\",\"name\":\"Prenosimo sa drugih portala\"}}]},{\"@type\":\"Organization\",\"@id\":\"https:\\\/\\\/www.obracun-placa.com\\\/#organization\",\"name\":\"Oktaedar d.o.o. Servis za obra\\u010dun pla\\u0107a\",\"description\":\"Obra\\u010dun pla\\u0107a za tvrtke. Usluga obra\\u010duna pla\\u0107a za tvrtke. Outsourcing obra\\u010duna pla\\u0107a.\",\"url\":\"https:\\\/\\\/www.obracun-placa.com\\\/\",\"telephone\":\"+38515615905\",\"logo\":{\"@type\":\"ImageObject\",\"url\":\"https:\\\/\\\/www.obracun-placa.com\\\/wp-content\\\/uploads\\\/Oktaedar_Servis_Place_facebook.png\",\"@id\":\"https:\\\/\\\/www.obracun-placa.com\\\/index.php\\\/linkovi-na-tekstove\\\/premijerka-jadranka-kosor-sjednici-vlade-01-09-najavila-izmjene-ovrsnog-zakona\\\/#organizationLogo\",\"width\":1200,\"height\":630},\"image\":{\"@id\":\"https:\\\/\\\/www.obracun-placa.com\\\/index.php\\\/linkovi-na-tekstove\\\/premijerka-jadranka-kosor-sjednici-vlade-01-09-najavila-izmjene-ovrsnog-zakona\\\/#organizationLogo\"}},{\"@type\":\"Person\",\"@id\":\"https:\\\/\\\/www.obracun-placa.com\\\/index.php\\\/author\\\/admin2\\\/#author\",\"url\":\"https:\\\/\\\/www.obracun-placa.com\\\/index.php\\\/author\\\/admin2\\\/\",\"name\":\"admin2\"},{\"@type\":\"WebPage\",\"@id\":\"https:\\\/\\\/www.obracun-placa.com\\\/index.php\\\/linkovi-na-tekstove\\\/premijerka-jadranka-kosor-sjednici-vlade-01-09-najavila-izmjene-ovrsnog-zakona\\\/#webpage\",\"url\":\"https:\\\/\\\/www.obracun-placa.com\\\/index.php\\\/linkovi-na-tekstove\\\/premijerka-jadranka-kosor-sjednici-vlade-01-09-najavila-izmjene-ovrsnog-zakona\\\/\",\"name\":\"Premijerka Jadranka Kosor na dana\\u0161njoj je sjednici Vlade najavila za idu\\u0107i tjedan izmjene Ovr\\u0161nog zakona | Servis za obra\\u010dun pla\\u0107a | Obra\\u010dun pla\\u0107a | Obra\\u010dun pla\\u0107a za tvrtke | Outsourcing pla\\u0107a\",\"description\":\"Premijerka Jadranka Kosor na dana\\u0161njoj je sjednici Vlade najavila za idu\\u0107i tjedan izmjene Ovr\\u0161nog zakona\",\"inLanguage\":\"hr-HR\",\"isPartOf\":{\"@id\":\"https:\\\/\\\/www.obracun-placa.com\\\/#website\"},\"breadcrumb\":{\"@id\":\"https:\\\/\\\/www.obracun-placa.com\\\/index.php\\\/linkovi-na-tekstove\\\/premijerka-jadranka-kosor-sjednici-vlade-01-09-najavila-izmjene-ovrsnog-zakona\\\/#breadcrumblist\"},\"author\":{\"@id\":\"https:\\\/\\\/www.obracun-placa.com\\\/index.php\\\/author\\\/admin2\\\/#author\"},\"creator\":{\"@id\":\"https:\\\/\\\/www.obracun-placa.com\\\/index.php\\\/author\\\/admin2\\\/#author\"},\"datePublished\":\"2011-09-02T16:29:08+02:00\",\"dateModified\":\"2011-09-02T16:29:36+02:00\"},{\"@type\":\"WebSite\",\"@id\":\"https:\\\/\\\/www.obracun-placa.com\\\/#website\",\"url\":\"https:\\\/\\\/www.obracun-placa.com\\\/\",\"name\":\"Servis za obra\\u010dun pla\\u0107a\",\"alternateName\":\"Obra\\u010dun pla\\u0107a\",\"description\":\"Obra\\u010dun pla\\u0107a za tvrtke. Usluga obra\\u010duna pla\\u0107a za tvrtke. Outsourcing obra\\u010duna pla\\u0107a.\",\"inLanguage\":\"hr-HR\",\"publisher\":{\"@id\":\"https:\\\/\\\/www.obracun-placa.com\\\/#organization\"}}]}\n\t\t<\/script>\n\t\t<!-- All in One SEO -->\n\n","aioseo_head_json":{"title":"Premijerka Jadranka Kosor na dana\u0161njoj je sjednici Vlade najavila za idu\u0107i tjedan izmjene Ovr\u0161nog zakona | Servis za obra\u010dun pla\u0107a | Obra\u010dun pla\u0107a | Obra\u010dun pla\u0107a za tvrtke | Outsourcing pla\u0107a","description":"Premijerka Jadranka Kosor na dana\u0161njoj je sjednici Vlade najavila za idu\u0107i tjedan izmjene Ovr\u0161nog zakona","canonical_url":"https:\/\/www.obracun-placa.com\/index.php\/linkovi-na-tekstove\/premijerka-jadranka-kosor-sjednici-vlade-01-09-najavila-izmjene-ovrsnog-zakona\/","robots":"max-snippet:-1, max-image-preview:large, max-video-preview:-1","keywords":"izmjena ovr\u0161nog zakona","webmasterTools":{"miscellaneous":""},"schema":{"@context":"https:\/\/schema.org","@graph":[{"@type":"Article","@id":"https:\/\/www.obracun-placa.com\/index.php\/linkovi-na-tekstove\/premijerka-jadranka-kosor-sjednici-vlade-01-09-najavila-izmjene-ovrsnog-zakona\/#article","name":"Premijerka Jadranka Kosor na dana\u0161njoj je sjednici Vlade najavila za idu\u0107i tjedan izmjene Ovr\u0161nog zakona | Servis za obra\u010dun pla\u0107a | Obra\u010dun pla\u0107a | Obra\u010dun pla\u0107a za tvrtke | Outsourcing pla\u0107a","headline":"Premijerka Jadranka Kosor na sjednici Vlade (01.09.2011.) najavila izmjene Ovr\u0161nog zakona","author":{"@id":"https:\/\/www.obracun-placa.com\/index.php\/author\/admin2\/#author"},"publisher":{"@id":"https:\/\/www.obracun-placa.com\/#organization"},"image":{"@type":"ImageObject","url":"https:\/\/www.obracun-placa.com\/wp-content\/uploads\/Oktaedar_Servis_Place_facebook.png","@id":"https:\/\/www.obracun-placa.com\/#articleImage","width":1200,"height":630},"datePublished":"2011-09-02T16:29:08+02:00","dateModified":"2011-09-02T16:29:36+02:00","inLanguage":"hr-HR","mainEntityOfPage":{"@id":"https:\/\/www.obracun-placa.com\/index.php\/linkovi-na-tekstove\/premijerka-jadranka-kosor-sjednici-vlade-01-09-najavila-izmjene-ovrsnog-zakona\/#webpage"},"isPartOf":{"@id":"https:\/\/www.obracun-placa.com\/index.php\/linkovi-na-tekstove\/premijerka-jadranka-kosor-sjednici-vlade-01-09-najavila-izmjene-ovrsnog-zakona\/#webpage"},"articleSection":"Prenosimo sa drugih portala"},{"@type":"BreadcrumbList","@id":"https:\/\/www.obracun-placa.com\/index.php\/linkovi-na-tekstove\/premijerka-jadranka-kosor-sjednici-vlade-01-09-najavila-izmjene-ovrsnog-zakona\/#breadcrumblist","itemListElement":[{"@type":"ListItem","@id":"https:\/\/www.obracun-placa.com#listItem","position":1,"name":"Home","item":"https:\/\/www.obracun-placa.com","nextItem":{"@type":"ListItem","@id":"https:\/\/www.obracun-placa.com\/index.php\/category\/linkovi-na-tekstove\/#listItem","name":"Prenosimo sa drugih portala"}},{"@type":"ListItem","@id":"https:\/\/www.obracun-placa.com\/index.php\/category\/linkovi-na-tekstove\/#listItem","position":2,"name":"Prenosimo sa drugih portala","item":"https:\/\/www.obracun-placa.com\/index.php\/category\/linkovi-na-tekstove\/","nextItem":{"@type":"ListItem","@id":"https:\/\/www.obracun-placa.com\/index.php\/linkovi-na-tekstove\/premijerka-jadranka-kosor-sjednici-vlade-01-09-najavila-izmjene-ovrsnog-zakona\/#listItem","name":"Premijerka Jadranka Kosor na sjednici Vlade (01.09.2011.) najavila izmjene Ovr\u0161nog zakona"},"previousItem":{"@type":"ListItem","@id":"https:\/\/www.obracun-placa.com#listItem","name":"Home"}},{"@type":"ListItem","@id":"https:\/\/www.obracun-placa.com\/index.php\/linkovi-na-tekstove\/premijerka-jadranka-kosor-sjednici-vlade-01-09-najavila-izmjene-ovrsnog-zakona\/#listItem","position":3,"name":"Premijerka Jadranka Kosor na sjednici Vlade (01.09.2011.) najavila izmjene Ovr\u0161nog zakona","previousItem":{"@type":"ListItem","@id":"https:\/\/www.obracun-placa.com\/index.php\/category\/linkovi-na-tekstove\/#listItem","name":"Prenosimo sa drugih portala"}}]},{"@type":"Organization","@id":"https:\/\/www.obracun-placa.com\/#organization","name":"Oktaedar d.o.o. Servis za obra\u010dun pla\u0107a","description":"Obra\u010dun pla\u0107a za tvrtke. Usluga obra\u010duna pla\u0107a za tvrtke. Outsourcing obra\u010duna pla\u0107a.","url":"https:\/\/www.obracun-placa.com\/","telephone":"+38515615905","logo":{"@type":"ImageObject","url":"https:\/\/www.obracun-placa.com\/wp-content\/uploads\/Oktaedar_Servis_Place_facebook.png","@id":"https:\/\/www.obracun-placa.com\/index.php\/linkovi-na-tekstove\/premijerka-jadranka-kosor-sjednici-vlade-01-09-najavila-izmjene-ovrsnog-zakona\/#organizationLogo","width":1200,"height":630},"image":{"@id":"https:\/\/www.obracun-placa.com\/index.php\/linkovi-na-tekstove\/premijerka-jadranka-kosor-sjednici-vlade-01-09-najavila-izmjene-ovrsnog-zakona\/#organizationLogo"}},{"@type":"Person","@id":"https:\/\/www.obracun-placa.com\/index.php\/author\/admin2\/#author","url":"https:\/\/www.obracun-placa.com\/index.php\/author\/admin2\/","name":"admin2"},{"@type":"WebPage","@id":"https:\/\/www.obracun-placa.com\/index.php\/linkovi-na-tekstove\/premijerka-jadranka-kosor-sjednici-vlade-01-09-najavila-izmjene-ovrsnog-zakona\/#webpage","url":"https:\/\/www.obracun-placa.com\/index.php\/linkovi-na-tekstove\/premijerka-jadranka-kosor-sjednici-vlade-01-09-najavila-izmjene-ovrsnog-zakona\/","name":"Premijerka Jadranka Kosor na dana\u0161njoj je sjednici Vlade najavila za idu\u0107i tjedan izmjene Ovr\u0161nog zakona | Servis za obra\u010dun pla\u0107a | Obra\u010dun pla\u0107a | Obra\u010dun pla\u0107a za tvrtke | Outsourcing pla\u0107a","description":"Premijerka Jadranka Kosor na dana\u0161njoj je sjednici Vlade najavila za idu\u0107i tjedan izmjene Ovr\u0161nog zakona","inLanguage":"hr-HR","isPartOf":{"@id":"https:\/\/www.obracun-placa.com\/#website"},"breadcrumb":{"@id":"https:\/\/www.obracun-placa.com\/index.php\/linkovi-na-tekstove\/premijerka-jadranka-kosor-sjednici-vlade-01-09-najavila-izmjene-ovrsnog-zakona\/#breadcrumblist"},"author":{"@id":"https:\/\/www.obracun-placa.com\/index.php\/author\/admin2\/#author"},"creator":{"@id":"https:\/\/www.obracun-placa.com\/index.php\/author\/admin2\/#author"},"datePublished":"2011-09-02T16:29:08+02:00","dateModified":"2011-09-02T16:29:36+02:00"},{"@type":"WebSite","@id":"https:\/\/www.obracun-placa.com\/#website","url":"https:\/\/www.obracun-placa.com\/","name":"Servis za obra\u010dun pla\u0107a","alternateName":"Obra\u010dun pla\u0107a","description":"Obra\u010dun pla\u0107a za tvrtke. Usluga obra\u010duna pla\u0107a za tvrtke. Outsourcing obra\u010duna pla\u0107a.","inLanguage":"hr-HR","publisher":{"@id":"https:\/\/www.obracun-placa.com\/#organization"}}]},"og:locale":"hr_HR","og:site_name":"Servis za obra\u010dun pla\u0107a","og:type":"article","og:title":"Premijerka Jadranka Kosor na dana\u0161njoj je sjednici Vlade najavila za idu\u0107i tjedan izmjene Ovr\u0161nog zakona | Servis za obra\u010dun pla\u0107a | Obra\u010dun pla\u0107a | Obra\u010dun pla\u0107a za tvrtke | Outsourcing pla\u0107a","og:description":"Premijerka Jadranka Kosor na dana\u0161njoj je sjednici Vlade najavila za idu\u0107i tjedan izmjene Ovr\u0161nog zakona","og:url":"https:\/\/www.obracun-placa.com\/index.php\/linkovi-na-tekstove\/premijerka-jadranka-kosor-sjednici-vlade-01-09-najavila-izmjene-ovrsnog-zakona\/","og:image":"https:\/\/www.obracun-placa.com\/wp-content\/uploads\/Oktaedar_Servis_Place_facebook.png","og:image:secure_url":"https:\/\/www.obracun-placa.com\/wp-content\/uploads\/Oktaedar_Servis_Place_facebook.png","og:image:width":1200,"og:image:height":630,"article:tag":["izmjena ovr\u0161nog zakona","prenosimo sa drugih portala"],"article:published_time":"2011-09-02T14:29:08+00:00","article:modified_time":"2011-09-02T14:29:36+00:00","article:publisher":"https:\/\/www.facebook.com\/serviszaobracunplaca\/","twitter:card":"summary","twitter:title":"Premijerka Jadranka Kosor na dana\u0161njoj je sjednici Vlade najavila za idu\u0107i tjedan izmjene Ovr\u0161nog zakona | Servis za obra\u010dun pla\u0107a | Obra\u010dun pla\u0107a | Obra\u010dun pla\u0107a za tvrtke | Outsourcing pla\u0107a","twitter:description":"Premijerka Jadranka Kosor na dana\u0161njoj je sjednici Vlade najavila za idu\u0107i tjedan izmjene Ovr\u0161nog zakona","twitter:image":"https:\/\/www.obracun-placa.com\/wp-content\/uploads\/Oktaedar_Servis_Place_facebook.png"},"aioseo_meta_data":{"post_id":"2604","title":"Premijerka Jadranka Kosor na dana\u0161njoj je sjednici Vlade najavila za idu\u0107i tjedan izmjene Ovr\u0161nog zakona | #site_title","description":"Premijerka Jadranka Kosor na dana\u0161njoj je sjednici Vlade najavila za idu\u0107i tjedan izmjene Ovr\u0161nog zakona","keywords":[{"label":"izmjena ovr\u0161nog zakona","value":"izmjena ovr\u0161nog zakona"}],"keyphrases":null,"primary_term":null,"canonical_url":null,"og_title":null,"og_description":null,"og_object_type":"default","og_image_type":"default","og_image_url":null,"og_image_width":null,"og_image_height":null,"og_image_custom_url":null,"og_image_custom_fields":null,"og_video":null,"og_custom_url":null,"og_article_section":null,"og_article_tags":null,"twitter_use_og":false,"twitter_card":"default","twitter_image_type":"default","twitter_image_url":null,"twitter_image_custom_url":null,"twitter_image_custom_fields":null,"twitter_title":null,"twitter_description":null,"schema":{"blockGraphs":[],"customGraphs":[],"default":{"data":{"Article":[],"Course":[],"Dataset":[],"FAQPage":[],"Movie":[],"Person":[],"Product":[],"ProductReview":[],"Car":[],"Recipe":[],"Service":[],"SoftwareApplication":[],"WebPage":[]},"graphName":"","isEnabled":true},"graphs":[]},"schema_type":null,"schema_type_options":null,"pillar_content":false,"robots_default":true,"robots_noindex":false,"robots_noarchive":false,"robots_nosnippet":false,"robots_nofollow":false,"robots_noimageindex":false,"robots_noodp":false,"robots_notranslate":false,"robots_max_snippet":null,"robots_max_videopreview":null,"robots_max_imagepreview":"large","priority":null,"frequency":null,"local_seo":null,"breadcrumb_settings":null,"limit_modified_date":false,"ai":null,"created":"2021-05-20 18:53:03","updated":"2025-10-15 15:18:53","seo_analyzer_scan_date":null},"aioseo_breadcrumb":"<div class=\"aioseo-breadcrumbs\"><span class=\"aioseo-breadcrumb\">\n\t\t\t<a href=\"https:\/\/www.obracun-placa.com\" title=\"Home\">Home<\/a>\n\t\t<\/span><span class=\"aioseo-breadcrumb-separator\">&raquo;<\/span><span class=\"aioseo-breadcrumb\">\n\t\t\t<a href=\"https:\/\/www.obracun-placa.com\/index.php\/category\/linkovi-na-tekstove\/\" title=\"Prenosimo sa drugih portala\">Prenosimo sa drugih portala<\/a>\n\t\t<\/span><span class=\"aioseo-breadcrumb-separator\">&raquo;<\/span><span class=\"aioseo-breadcrumb\">\n\t\t\tPremijerka Jadranka Kosor na sjednici Vlade (01.09.2011.) najavila izmjene Ovr\u0161nog zakona\n\t\t<\/span><\/div>","aioseo_breadcrumb_json":[{"label":"Home","link":"https:\/\/www.obracun-placa.com"},{"label":"Prenosimo sa drugih portala","link":"https:\/\/www.obracun-placa.com\/index.php\/category\/linkovi-na-tekstove\/"},{"label":"Premijerka Jadranka Kosor na sjednici Vlade (01.09.2011.) najavila izmjene Ovr\u0161nog zakona","link":"https:\/\/www.obracun-placa.com\/index.php\/linkovi-na-tekstove\/premijerka-jadranka-kosor-sjednici-vlade-01-09-najavila-izmjene-ovrsnog-zakona\/"}],"_links":{"self":[{"href":"https:\/\/www.obracun-placa.com\/index.php\/wp-json\/wp\/v2\/posts\/2604","targetHints":{"allow":["GET"]}}],"collection":[{"href":"https:\/\/www.obracun-placa.com\/index.php\/wp-json\/wp\/v2\/posts"}],"about":[{"href":"https:\/\/www.obracun-placa.com\/index.php\/wp-json\/wp\/v2\/types\/post"}],"author":[{"embeddable":true,"href":"https:\/\/www.obracun-placa.com\/index.php\/wp-json\/wp\/v2\/users\/1501"}],"replies":[{"embeddable":true,"href":"https:\/\/www.obracun-placa.com\/index.php\/wp-json\/wp\/v2\/comments?post=2604"}],"version-history":[{"count":0,"href":"https:\/\/www.obracun-placa.com\/index.php\/wp-json\/wp\/v2\/posts\/2604\/revisions"}],"wp:attachment":[{"href":"https:\/\/www.obracun-placa.com\/index.php\/wp-json\/wp\/v2\/media?parent=2604"}],"wp:term":[{"taxonomy":"category","embeddable":true,"href":"https:\/\/www.obracun-placa.com\/index.php\/wp-json\/wp\/v2\/categories?post=2604"},{"taxonomy":"post_tag","embeddable":true,"href":"https:\/\/www.obracun-placa.com\/index.php\/wp-json\/wp\/v2\/tags?post=2604"}],"curies":[{"name":"wp","href":"https:\/\/api.w.org\/{rel}","templated":true}]}}