{"id":10188,"date":"2011-03-02T14:37:08","date_gmt":"2011-03-02T13:37:08","guid":{"rendered":"http:\/\/www.obracun-placa.com\/?p=10188"},"modified":"2016-08-09T14:50:58","modified_gmt":"2016-08-09T12:50:58","slug":"raspodjela-osobnog-odbitka-za-uzdrzavanu-djecu","status":"publish","type":"post","link":"https:\/\/www.obracun-placa.com\/index.php\/misljenja-porezne-uprave\/raspodjela-osobnog-odbitka-za-uzdrzavanu-djecu\/","title":{"rendered":"Raspodjela osobnog odbitka za uzdr\u017eavanu djecu (mi\u0161ljenje PU)"},"content":{"rendered":"<p>&nbsp;<\/p>\n<table style=\"color: #4c4c4c;\" border=\"1\" width=\"100%\" cellspacing=\"10\" cellpadding=\"10\">\n<tbody style=\"font-weight: inherit; font-style: inherit;\">\n<tr style=\"font-weight: inherit; font-style: inherit;\">\n<td class=\"misljenjaText\" style=\"font-weight: inherit; font-style: inherit; color: #383f3f;\"><span style=\"font-family: arial, helvetica, sans-serif;\"><span class=\"misljenjaLabela\" style=\"font-weight: inherit; font-style: inherit;\">\u00a0Broj klase:<\/span>410-01\/11-01\/463\u00a0(prenosimo sa www.porezna-uprava.hr)<\/span><\/td>\n<\/tr>\n<tr style=\"font-weight: inherit; font-style: inherit;\">\n<td class=\"misljenjaText\" style=\"font-weight: inherit; font-style: inherit; color: #383f3f;\"><span style=\"font-family: arial, helvetica, sans-serif;\"><span class=\"misljenjaLabela\" style=\"font-weight: inherit; font-style: inherit;\">\u00a0Urud\u017ebeni broj:<\/span>513-07-21-01\/11-2<\/span><\/td>\n<\/tr>\n<tr style=\"font-weight: inherit; font-style: inherit;\">\n<td class=\"misljenjaText\" style=\"font-weight: inherit; font-style: inherit; color: #383f3f;\"><span style=\"font-family: arial, helvetica, sans-serif;\">\u00a0Zagreb, 02.03.2011<\/span><\/td>\n<\/tr>\n<tr style=\"font-weight: inherit; font-style: inherit;\">\n<td class=\"misljenjaNaslov\" style=\"font-weight: bold; font-style: inherit;\"><span style=\"font-family: arial, helvetica, sans-serif;\">\u00a0Raspodjela osobnog odbitka za uzdr\u017eavanu djecu<\/span><\/td>\n<\/tr>\n<tr style=\"font-weight: inherit; font-style: inherit;\">\n<td class=\"misljenjaText\" style=\"font-weight: inherit; font-style: inherit; color: #383f3f;\">\n<div class=\"ExternalClass9D5FD6447A9A424AA07805B08EFB4095\" style=\"font-weight: inherit; font-style: inherit;\">\n<p style=\"font-weight: inherit; font-style: inherit;\"><span style=\"font-family: arial, helvetica, sans-serif;\"><span style=\"font-weight: inherit; font-style: inherit;\">\u010clankom 36. stavkom 6. Zakona o porezu na dohodak (Narodne novine, broj 177\/04, 73\/08 i 80\/10), propisano je da ako vi\u0161e osoba uzdr\u017eava \u010dlana ili \u010dlanove u\u017ee obitelji i djecu, osobni odbitak za te osobe ravnomjerno se raspore\u0111uje na sve koji te \u010dlanove i djecu uzdr\u017eavaju, osim ako se ne sporazume druga\u010dije.<\/span><\/span><\/p>\n<div style=\"font-weight: inherit; font-style: inherit;\"><span style=\"font-weight: inherit; font-style: inherit; font-family: arial, helvetica, sans-serif;\"><span style=\"font-weight: inherit; font-style: inherit;\">\u00a0\u00a0\u00a0\u00a0\u00a0\u00a0\u00a0\u00a0\u00a0\u00a0\u00a0\u00a0\u00a0\u00a0<\/span>Prema \u010dlanku 55. stavku 1. Pravilnika o porezu na dohodak (Narodne novine, broj 95\/05, 96\/06, 68\/07, 146\/08, 2\/09, 9\/09-ispravak, 146\/09 i 123\/10) ako oba bra\u010dna druga ostvaruju dohodak i uzdr\u017eavaju \u010dlanove obitelji, osobni odbitak za uzdr\u017eavane \u010dlanove u\u017ee obitelji u na\u010delu se dijele na jednake dijelove, ali mogu utvrditi i druga\u010diju raspodjelu.<\/span><\/div>\n<div style=\"font-weight: inherit; font-style: inherit;\"><span style=\"font-family: arial, helvetica, sans-serif;\">\u00a0<\/span><\/div>\n<div style=\"font-weight: inherit; font-style: inherit;\"><span style=\"font-weight: inherit; font-style: inherit; font-family: arial, helvetica, sans-serif;\"><span style=\"font-weight: inherit; font-style: inherit;\">\u00a0\u00a0\u00a0\u00a0\u00a0\u00a0\u00a0\u00a0\u00a0\u00a0\u00a0\u00a0\u00a0<\/span>Sukladno \u010dlanku 55. stavak 3. Pravilnika o porezu na dohodak, ako se osobe ne mogu dogovoriti o raspodjeli dijela osobnog odbitka za uzdr\u017eavane \u010dlanove u\u017ee obitelji i uzdr\u017eavanu djecu, a jedan od uzdr\u017eavatelja tra\u017ei preraspodjelu osobnog odbitka, tada se osobni odbitak dijeli na jednake dijelove odnosno svakom poreznom obvezniku osobni odbitak priznaje se u jednakom dijelu. U tom slu\u010daju raspodjelu osobnog odbitka izvr\u0161it \u0107e Porezna uprava na na\u010din:<\/span><\/div>\n<div style=\"font-weight: inherit; font-style: inherit;\"><span style=\"font-weight: inherit; font-style: inherit; font-family: arial, helvetica, sans-serif;\">1.<span style=\"font-weight: inherit; font-style: inherit;\">\u00a0\u00a0\u00a0\u00a0\u00a0\u00a0\u00a0\u00a0\u00a0<\/span>ako se tra\u017ei preraspodjela osobnog odbitka u tijeku poreznog razdoblja \u2013 za oba porezna obveznika izvr\u0161it \u0107e izmjene poreznih kartica \u2013 Obrazaca PK, te ih dostaviti poreznim obveznicima odnosno njihovim poslodavcima\/isplatiteljima primitaka (pla\u0107e) i mirovine,<\/span><\/div>\n<div style=\"font-weight: inherit; font-style: inherit;\"><span style=\"font-weight: inherit; font-style: inherit; font-family: arial, helvetica, sans-serif;\">2.<span style=\"font-weight: inherit; font-style: inherit;\">\u00a0\u00a0\u00a0\u00a0\u00a0\u00a0\u00a0\u00a0\u00a0<\/span>ako se tra\u017ei preraspodjela osobnog odbitka po podnesenim godi\u0161njim poreznim prijavama \u2013 po podnesenim godi\u0161njim poreznim prijavama za oba porezna obveznika izvr\u0161it \u0107e raspodjelu osobnog odbitka.<\/span><\/div>\n<div style=\"font-weight: inherit; font-style: inherit;\"><span style=\"font-family: arial, helvetica, sans-serif;\">\u00a0<\/span><\/div>\n<div style=\"font-weight: inherit; font-style: inherit;\"><span style=\"font-weight: inherit; font-style: inherit; font-family: arial, helvetica, sans-serif;\"><span style=\"font-weight: inherit; font-style: inherit;\">\u00a0<\/span><span style=\"font-weight: inherit; font-style: inherit;\">\u00a0\u00a0\u00a0\u00a0\u00a0\u00a0\u00a0\u00a0\u00a0\u00a0\u00a0<\/span>Slijedom navedenog, osobni odbitak za djecu koju uzdr\u017eavaju oba roditelja dijeli se na jednake dijelove, tako da se svakom roditelju priznaje osobni odbitak za djecu u jednakom dijelu, ako roditelji ne utvrde druga\u010diju raspodjelu, odnosno ako se ne mogu dogovoriti o raspodjeli dijela osobnog odbitka za uzdr\u017eavanu djecu.<\/span><\/div>\n<\/div>\n<\/td>\n<\/tr>\n<\/tbody>\n<\/table>\n","protected":false},"excerpt":{"rendered":"<p>&nbsp; \u00a0Broj klase:410-01\/11-01\/463\u00a0(prenosimo sa www.porezna-uprava.hr) \u00a0Urud\u017ebeni broj:513-07-21-01\/11-2 \u00a0Zagreb, 02.03.2011 \u00a0Raspodjela osobnog odbitka za uzdr\u017eavanu djecu \u010clankom 36. stavkom 6. Zakona o porezu na dohodak (Narodne novine, broj 177\/04, 73\/08 i 80\/10), propisano je da ako vi\u0161e osoba uzdr\u017eava \u010dlana ili \u010dlanove u\u017ee obitelji i djecu, osobni odbitak za te osobe ravnomjerno se raspore\u0111uje na sve [&hellip;]<\/p>\n","protected":false},"author":1501,"featured_media":0,"comment_status":"closed","ping_status":"closed","sticky":false,"template":"","format":"standard","meta":{"pmpro_default_level":"","footnotes":""},"categories":[75],"tags":[],"class_list":["post-10188","post","type-post","status-publish","format-standard","hentry","category-misljenja-porezne-uprave","pmpro-has-access"],"aioseo_notices":[],"_links":{"self":[{"href":"https:\/\/www.obracun-placa.com\/index.php\/wp-json\/wp\/v2\/posts\/10188","targetHints":{"allow":["GET"]}}],"collection":[{"href":"https:\/\/www.obracun-placa.com\/index.php\/wp-json\/wp\/v2\/posts"}],"about":[{"href":"https:\/\/www.obracun-placa.com\/index.php\/wp-json\/wp\/v2\/types\/post"}],"author":[{"embeddable":true,"href":"https:\/\/www.obracun-placa.com\/index.php\/wp-json\/wp\/v2\/users\/1501"}],"replies":[{"embeddable":true,"href":"https:\/\/www.obracun-placa.com\/index.php\/wp-json\/wp\/v2\/comments?post=10188"}],"version-history":[{"count":0,"href":"https:\/\/www.obracun-placa.com\/index.php\/wp-json\/wp\/v2\/posts\/10188\/revisions"}],"wp:attachment":[{"href":"https:\/\/www.obracun-placa.com\/index.php\/wp-json\/wp\/v2\/media?parent=10188"}],"wp:term":[{"taxonomy":"category","embeddable":true,"href":"https:\/\/www.obracun-placa.com\/index.php\/wp-json\/wp\/v2\/categories?post=10188"},{"taxonomy":"post_tag","embeddable":true,"href":"https:\/\/www.obracun-placa.com\/index.php\/wp-json\/wp\/v2\/tags?post=10188"}],"curies":[{"name":"wp","href":"https:\/\/api.w.org\/{rel}","templated":true}]}}